{"id":1301,"date":"2015-12-08T02:25:03","date_gmt":"2015-12-08T01:25:03","guid":{"rendered":"http:\/\/www.aek.eus\/blogak\/bilbo\/?p=1301"},"modified":"2015-12-27T00:49:18","modified_gmt":"2015-12-26T23:49:18","slug":"1301","status":"publish","type":"post","link":"http:\/\/www.aek.eus\/blogak\/bilbo\/1301\/","title":{"rendered":"NEGUKO MATRIKULAZIOA ZABALIK!!!"},"content":{"rendered":"<p style=\"text-align: center\"><a href=\"http:\/\/www.aek.eus\/blogak\/bilbo\/?attachment_id=1309\" target=\"_blank\">\u00a0<\/a><strong><a href=\"http:\/\/www.aek.eus\/blogak\/bilbo\/files\/2015\/12\/Inforria-urtarrila.pdf\" target=\"_blank\">Ikastaro trinkoak<\/a> \/ <a href=\"http:\/\/www.aek.eus\/blogak\/bilbo\/files\/2015\/12\/Inforria-urtarrila.pdf\" target=\"_blank\">Cursos intensivos<\/a><br \/>\n<\/strong><\/p>\n<p style=\"text-align: center\"><strong>\u00a0<a href=\"http:\/\/www.aek.eus\/blogak\/bilbo\/files\/2015\/12\/ARRUNTAK2.pdf\" target=\"_blank\">Hasiera urratsak<\/a> \/ <a href=\"http:\/\/www.aek.eus\/blogak\/bilbo\/files\/2015\/12\/ARRUNTAK2.pdf\" target=\"_blank\">Cursos de iniciaci\u00f3n<\/a><\/strong><\/p>\n<p style=\"text-align: center\"><strong><a href=\"http:\/\/www.aek.eus\/blogak\/bilbo\/?attachment_id=1307\" target=\"_blank\">Auto-ikaskuntza<\/a> \/ <a href=\"http:\/\/www.aek.eus\/blogak\/bilbo\/?attachment_id=1307\" target=\"_blank\">Autoaprendizaje<\/a><br \/>\n<\/strong><\/p>\n<p style=\"text-align: center\"><a href=\"http:\/\/www.aek.eus\/blogak\/bilbo\/?attachment_id=1308\" target=\"_blank\"><strong>4. maila (C2)<\/strong><\/a><\/p>\n<p style=\"text-align: center\"><strong><a href=\"http:\/\/www.aek.eus\/blogak\/bilbo\/files\/2015\/12\/OSAKIDETZA2.pdf\" target=\"_blank\">Oposaketetako perfilei begirako ikastaro bereziak<\/a> \/ <a href=\"http:\/\/www.aek.eus\/blogak\/bilbo\/files\/2015\/12\/OSAKIDETZA2.pdf\" target=\"_blank\">Cursos especiales para obtenci\u00f3n de perfiles ling\u00fc\u00edsticos en oposiciones<\/a><br \/>\n<\/strong><\/p>\n<p style=\"text-align: center\">Zalantzarik baduzu, jo ezazu zeure AEK-ko euskaltegirik hurbilenera eta bertan eskatu informazioa. \/ Si tienes alguna duda, acude a tu euskaltegi de AEK m\u00e1s cercano y solicita informaci\u00f3n sin compromiso.<\/p>\n<p style=\"text-align: center\"><a href=\"http:\/\/www.aek.eus\/blogak\/bilbo\/files\/2015\/09\/postala.jpg\"><img loading=\"lazy\" decoding=\"async\" class=\"aligncenter wp-image-1245\" src=\"http:\/\/www.aek.eus\/blogak\/bilbo\/files\/2015\/09\/postala.jpg\" alt=\"postala\" width=\"450\" height=\"330\" srcset=\"http:\/\/www.aek.eus\/blogak\/bilbo\/files\/2015\/09\/postala.jpg 571w, http:\/\/www.aek.eus\/blogak\/bilbo\/files\/2015\/09\/postala-300x220.jpg 300w\" sizes=\"auto, (max-width: 450px) 100vw, 450px\" \/><\/a><\/p>\n","protected":false},"excerpt":{"rendered":"<p>\u00a0Ikastaro trinkoak \/ Cursos intensivos \u00a0Hasiera urratsak \/ Cursos de iniciaci\u00f3n Auto-ikaskuntza \/ Autoaprendizaje 4. maila (C2) Oposaketetako perfilei begirako ikastaro bereziak \/ Cursos especiales para obtenci\u00f3n de perfiles ling\u00fc\u00edsticos en oposiciones Zalantzarik baduzu, jo ezazu zeure AEK-ko euskaltegirik hurbilenera eta bertan eskatu informazioa. \/ Si tienes alguna duda, acude a tu euskaltegi de AEK [&hellip;]<\/p>\n","protected":false},"author":32,"featured_media":0,"comment_status":"closed","ping_status":"open","sticky":false,"template":"","format":"standard","meta":{"footnotes":""},"categories":[15,18,16,14,17],"tags":[],"class_list":{"0":"post-1301","1":"post","2":"type-post","3":"status-publish","4":"format-standard","6":"category-indautxu","7":"category-lizardi","8":"category-larrako-matxintxu-ikasleen-txokoa","9":"category-santutxu","10":"category-zorrotza","11":"czr-hentry"},"featured_image_src":null,"featured_image_src_square":null,"author_info":{"display_name":"Bilbo","author_link":"http:\/\/www.aek.eus\/blogak\/bilbo\/author\/bilbo\/"},"_links":{"self":[{"href":"http:\/\/www.aek.eus\/blogak\/bilbo\/wp-json\/wp\/v2\/posts\/1301","targetHints":{"allow":["GET"]}}],"collection":[{"href":"http:\/\/www.aek.eus\/blogak\/bilbo\/wp-json\/wp\/v2\/posts"}],"about":[{"href":"http:\/\/www.aek.eus\/blogak\/bilbo\/wp-json\/wp\/v2\/types\/post"}],"author":[{"embeddable":true,"href":"http:\/\/www.aek.eus\/blogak\/bilbo\/wp-json\/wp\/v2\/users\/32"}],"replies":[{"embeddable":true,"href":"http:\/\/www.aek.eus\/blogak\/bilbo\/wp-json\/wp\/v2\/comments?post=1301"}],"version-history":[{"count":11,"href":"http:\/\/www.aek.eus\/blogak\/bilbo\/wp-json\/wp\/v2\/posts\/1301\/revisions"}],"predecessor-version":[{"id":1519,"href":"http:\/\/www.aek.eus\/blogak\/bilbo\/wp-json\/wp\/v2\/posts\/1301\/revisions\/1519"}],"wp:attachment":[{"href":"http:\/\/www.aek.eus\/blogak\/bilbo\/wp-json\/wp\/v2\/media?parent=1301"}],"wp:term":[{"taxonomy":"category","embeddable":true,"href":"http:\/\/www.aek.eus\/blogak\/bilbo\/wp-json\/wp\/v2\/categories?post=1301"},{"taxonomy":"post_tag","embeddable":true,"href":"http:\/\/www.aek.eus\/blogak\/bilbo\/wp-json\/wp\/v2\/tags?post=1301"}],"curies":[{"name":"wp","href":"https:\/\/api.w.org\/{rel}","templated":true}]}}