{"id":481,"date":"2012-09-24T11:44:06","date_gmt":"2012-09-24T09:44:06","guid":{"rendered":"http:\/\/www.aek.eus\/blogak\/bilbo\/?p=481"},"modified":"2012-09-24T11:44:06","modified_gmt":"2012-09-24T09:44:06","slug":"zatoz-euskaltegira","status":"publish","type":"post","link":"http:\/\/www.aek.eus\/blogak\/bilbo\/zatoz-euskaltegira\/","title":{"rendered":"Zatoz euskaltegira!"},"content":{"rendered":"<p><img loading=\"lazy\" decoding=\"async\" class=\"alignnone\" src=\"http:\/\/www.aek.eus\/images\/stories\/zatoz.jpg\" alt=\"\" width=\"762\" height=\"299\" \/><\/p>\n<p>Argazkia: A.Arroita (AEK).<\/p>\n<p><strong>Euskal herritarrei euskara ikasteko deia <\/strong>luzatzeko xedearekin euskaltegiek<strong> &#8220;Zatoz euskaltegira!&#8221; <\/strong>lemapean agerraldia egin dute gaur Euskaltzaindiaren Bilboko egoitzan.<\/p>\n<p>Bertan i<strong>nstituzioak, gizarte eragileak, kirolariak, idazleak, musikariak, alderdiak, euskal jendarteko hainbat aurpegi ezagun eta beste hainbat eragile<\/strong> egon dira (zerrenda albisteari erantsita)<\/p>\n<p>Ekitaldian Andres Urrutia Euskatzainburuak hartu du hitza eta honako hau esan du:<\/p>\n<p>&#8220;Ez da lehen aldia eta azkena ere ez dela izango uste dut Euskaltzaindiaren etxera, euskararen etxera, ongi etorria ematen zaizuela. Etxe honek zuen hasierako zereginetan izan zuen zeresana ahaztu gabe, egun, ekitaldi honen bidez, ikasturtero bezalaxe, jendaurrean agertu nahi duzue, agertu nahi dugu\u00a0 zuen gogo eraberritua, urtez urte euskal gizarteari aspalditik emandako agindua betetzeko, alegia, HELDUEN ALFABETATZE ETA EUSKALDUNTZE lanetan buru-belarri jarduteko.<\/p>\n<p>Un nuevo curso, una ilusi\u00f3n renovada para decirle a esta sociedad que el euskera es una tarea de todos y que en esa tarea no sobra nadie, sino que la participaci\u00f3n de todos es necesaria.<\/p>\n<p>Une latzak bizi ditugu. Dirua eskas, baliabide ekonomikoak urri, itxaropenik eza da nagusi gure artean. Horren aurrean, beste behin ere, aldarrikatu dezagun gure konpromisoa eta esan diezaiogun gizarteari euskara bera dela, gizarte honen barruan, gainditu beharko ez litzatekeen lerro gorria. Horretan ulertzen da zuen zeregina, zuek eskaintzen baitiozue gizarteari halako zerbitzua, halako ematea, gizartea bera izatearen eta kulturaren ikuspegitik aberastu nahian.<\/p>\n<p>La crisis econ\u00f3mica que vivimos nos hace olvidar muchas veces que el euskara es tambi\u00e9n una l\u00ednea roja que no debemos traspasar si no queremos empobrecer nuestra sociedad y nuestra convivencia.<\/p>\n<p>Azpimarratu behar da euskaltegiek egiten duten lana. Izan ere, irakaskuntza da, Euskaltzaindiarentzat ez ezik gaur hona zuen aurrera agertu garen guztiontzat euskararen normatibizazio eta normalizazioaren esparruetan arlo esanguratsua eta aproposa, hortxe ere nabarmentzen baita ibilbide honen indarra.<\/p>\n<p>Somos conscientes de la importancia de la ense\u00f1anza para la difusi\u00f3n de la normativizaci\u00f3n y la normalizaci\u00f3n del euskera. He ah\u00ed uno de los v\u00ednculos que nos unen a todos nosotros en la defensa del desarrollo social del euskera.<\/p>\n<p>Norbaitek esango du: eta euskara zertarako ikasi? Euskaltegietara zertarako joan?\u00a0 Halako galderak egin dizkiogu behin edo behin gure buruari\u00a0 hemen gauden asko eta asko.<\/p>\n<p>Erantzuna, esango nuke nik, ez da erraza edota norabide bakarrekoa. Inguruak, jakingurak, lanaren aldeko premiak\u2026 bakoitzak ditu euskara ikasteko edota ikasitako euskara hobetzeko arrazoi desberdinak. Guztiok, alabaina, bat gatoz puntu honetan, behin ikasteko bidaia eginez gero, bidaia hori aberasgarri eta suspergarri izan dugula. Gure izatea hobeto ezagutzen dugu, gure inguruaren izenak eta izanak egokiago\u00a0 barneratzen ditugu eta horretaz kanpo ere, gauza gara egunero gure sentimentuak euskaraz kanporatzeko, gure lana euskaraz egiteko, gure laguntaldean euskaraz aritzeko\u2026 hitz batez esateko, geureago eta aldi berean zabalago eta irekiagoak izateko. Ikasi eta erabili, erabiliz ikasi, erabiltzeko ikasi&#8230;Horretan ditugu bidegile eta bidaide euskaltegiak.<\/p>\n<p>Aprender, perfeccionar una lengua, por los diferentes motivos que sean, es abrirse a mundos nuevos y ser capaz de expresarse con nuevos matices, con nuevos acentos en la realidad diaria de nuestra vida. Hoy tenemos un modo de hacerlo, de que nos ayuden en este camino, y este modo son los euskaltegis, nuestros gu\u00edas en este camino personal y colectivo del euskera.<\/p>\n<p>Esos v\u00ednculos, esta presencia y acompa\u00f1amiento de y a los euskaltegis es lo que hoy queremos simbolizar aqu\u00ed recordando a quienes en el quehacer diario del aula, en esa relaci\u00f3n entre profesor-alumno,\u00a0 son los protagonistas del proceso de normalizaci\u00f3n del euskera.\u00a0 Hoy muchos de ellos no est\u00e1n aqu\u00ed con nosotros pero nuestro empe\u00f1o est\u00e1 con ellos.<\/p>\n<p>Buruz buruko zen baliabide berriak erabilita, hamaikatxo ikasle izango dira ikasturte honetan ere euskaltegietako ikasgeletan. Bihoakie eurei, mundu osoan zehar euskara irakasten eta ikasten edo euren burua alfabetatzen ari diren guztiei gure agurra, gure gogoa eta nahia .<\/p>\n<p>Aurrera, bada, eta gogotsu jokatu dezagun euskararen\u00a0 alde! <strong>ZATOZ EUSKALTEGIRA!<\/strong>&#8220;<\/p>\n","protected":false},"excerpt":{"rendered":"<p>Argazkia: A.Arroita (AEK). Euskal herritarrei euskara ikasteko deia luzatzeko xedearekin euskaltegiek &#8220;Zatoz euskaltegira!&#8221; lemapean agerraldia egin dute gaur Euskaltzaindiaren Bilboko egoitzan. Bertan instituzioak, gizarte eragileak, kirolariak, idazleak, musikariak, alderdiak, euskal jendarteko hainbat aurpegi ezagun eta beste hainbat eragile egon dira (zerrenda albisteari erantsita) Ekitaldian Andres Urrutia Euskatzainburuak hartu du hitza eta honako hau esan du: [&hellip;]<\/p>\n","protected":false},"author":32,"featured_media":0,"comment_status":"closed","ping_status":"open","sticky":false,"template":"","format":"standard","meta":{"footnotes":""},"categories":[1],"tags":[],"class_list":{"0":"post-481","1":"post","2":"type-post","3":"status-publish","4":"format-standard","6":"category-bestelakoak","7":"czr-hentry"},"featured_image_src":null,"featured_image_src_square":null,"author_info":{"display_name":"Bilbo","author_link":"http:\/\/www.aek.eus\/blogak\/bilbo\/author\/bilbo\/"},"_links":{"self":[{"href":"http:\/\/www.aek.eus\/blogak\/bilbo\/wp-json\/wp\/v2\/posts\/481","targetHints":{"allow":["GET"]}}],"collection":[{"href":"http:\/\/www.aek.eus\/blogak\/bilbo\/wp-json\/wp\/v2\/posts"}],"about":[{"href":"http:\/\/www.aek.eus\/blogak\/bilbo\/wp-json\/wp\/v2\/types\/post"}],"author":[{"embeddable":true,"href":"http:\/\/www.aek.eus\/blogak\/bilbo\/wp-json\/wp\/v2\/users\/32"}],"replies":[{"embeddable":true,"href":"http:\/\/www.aek.eus\/blogak\/bilbo\/wp-json\/wp\/v2\/comments?post=481"}],"version-history":[{"count":2,"href":"http:\/\/www.aek.eus\/blogak\/bilbo\/wp-json\/wp\/v2\/posts\/481\/revisions"}],"predecessor-version":[{"id":483,"href":"http:\/\/www.aek.eus\/blogak\/bilbo\/wp-json\/wp\/v2\/posts\/481\/revisions\/483"}],"wp:attachment":[{"href":"http:\/\/www.aek.eus\/blogak\/bilbo\/wp-json\/wp\/v2\/media?parent=481"}],"wp:term":[{"taxonomy":"category","embeddable":true,"href":"http:\/\/www.aek.eus\/blogak\/bilbo\/wp-json\/wp\/v2\/categories?post=481"},{"taxonomy":"post_tag","embeddable":true,"href":"http:\/\/www.aek.eus\/blogak\/bilbo\/wp-json\/wp\/v2\/tags?post=481"}],"curies":[{"name":"wp","href":"https:\/\/api.w.org\/{rel}","templated":true}]}}