{"id":72,"date":"2018-09-20T11:31:52","date_gmt":"2018-09-20T11:31:52","guid":{"rendered":"http:\/\/www.aek.eus\/blogak\/enkarterrikoaek\/?p=72"},"modified":"2018-09-20T11:32:28","modified_gmt":"2018-09-20T11:32:28","slug":"2018-19-ikasturterako-matrikulazioa-martxan","status":"publish","type":"post","link":"http:\/\/www.aek.eus\/blogak\/enkarterrikoaek\/2018\/09\/20\/2018-19-ikasturterako-matrikulazioa-martxan\/","title":{"rendered":"[:eu]2018-19 ikasturterako matrikulazioa martxan![:]"},"content":{"rendered":"<p>[:eu]<strong>Enkarterriko AEK Euskaltegian<\/strong> zuk behar duzun maila eta ordutegia eskaintzen dizugu.<\/p>\n<p>Zu hemen zaude, AEK ere bai.<\/p>\n<p>Eskatu informazioa: 946 670 312 &#8211; 607 594 120<\/p>\n<p>&nbsp;<\/p>\n<p>En <strong>Enkarterriko AEK Euskaltegia<\/strong> te ofrecemos el nivel y el horario que necesitas.<\/p>\n<p>Pidenos m\u00e1s informaci\u00f3n: 946 670 312 &#8211; 607 594 120<\/p>\n<p>T\u00fa est\u00e1s aqu\u00ed, AEK tambien.<\/p>\n<div style=\"width: 1140px;\" class=\"wp-video\"><!--[if lt IE 9]><script>document.createElement('video');<\/script><![endif]-->\n<video class=\"wp-video-shortcode\" id=\"video-72-1\" width=\"1140\" height=\"641\" preload=\"metadata\" controls=\"controls\"><source type=\"video\/mp4\" src=\"http:\/\/www.aek.eus\/blogak\/enkarterrikoaek\/files\/2018\/09\/Enkarterri.mp4?_=1\" \/><a href=\"http:\/\/www.aek.eus\/blogak\/enkarterrikoaek\/files\/2018\/09\/Enkarterri.mp4\">http:\/\/www.aek.eus\/blogak\/enkarterrikoaek\/files\/2018\/09\/Enkarterri.mp4<\/a><\/video><\/div>\n<p>&nbsp;[:]<\/p>\n","protected":false},"excerpt":{"rendered":"<p>[:eu]Enkarterriko AEK Euskaltegian zuk behar duzun maila eta ordutegia eskaintzen dizugu. Zu hemen zaude, AEK ere bai. Eskatu informazioa: 946 670 312 &#8211; 607 594 120 &nbsp; En Enkarterriko AEK Euskaltegia te ofrecemos el nivel y el horario que necesitas. Pidenos m\u00e1s informaci\u00f3n: 946 670 312 &#8211; 607 594 120 T\u00fa est\u00e1s aqu\u00ed, AEK tambien. [&hellip;]<\/p>\n","protected":false},"author":41,"featured_media":0,"comment_status":"open","ping_status":"open","sticky":false,"template":"","format":"standard","meta":{"footnotes":""},"categories":[1],"tags":[],"class_list":{"0":"post-72","1":"post","2":"type-post","3":"status-publish","4":"format-standard","6":"category-albisteak","7":"czr-hentry"},"featured_image_src":null,"featured_image_src_square":null,"author_info":{"display_name":"enkarterrikoaek","author_link":"http:\/\/www.aek.eus\/blogak\/enkarterrikoaek\/author\/enkarterrikoaek\/"},"_links":{"self":[{"href":"http:\/\/www.aek.eus\/blogak\/enkarterrikoaek\/wp-json\/wp\/v2\/posts\/72","targetHints":{"allow":["GET"]}}],"collection":[{"href":"http:\/\/www.aek.eus\/blogak\/enkarterrikoaek\/wp-json\/wp\/v2\/posts"}],"about":[{"href":"http:\/\/www.aek.eus\/blogak\/enkarterrikoaek\/wp-json\/wp\/v2\/types\/post"}],"author":[{"embeddable":true,"href":"http:\/\/www.aek.eus\/blogak\/enkarterrikoaek\/wp-json\/wp\/v2\/users\/41"}],"replies":[{"embeddable":true,"href":"http:\/\/www.aek.eus\/blogak\/enkarterrikoaek\/wp-json\/wp\/v2\/comments?post=72"}],"version-history":[{"count":1,"href":"http:\/\/www.aek.eus\/blogak\/enkarterrikoaek\/wp-json\/wp\/v2\/posts\/72\/revisions"}],"predecessor-version":[{"id":74,"href":"http:\/\/www.aek.eus\/blogak\/enkarterrikoaek\/wp-json\/wp\/v2\/posts\/72\/revisions\/74"}],"wp:attachment":[{"href":"http:\/\/www.aek.eus\/blogak\/enkarterrikoaek\/wp-json\/wp\/v2\/media?parent=72"}],"wp:term":[{"taxonomy":"category","embeddable":true,"href":"http:\/\/www.aek.eus\/blogak\/enkarterrikoaek\/wp-json\/wp\/v2\/categories?post=72"},{"taxonomy":"post_tag","embeddable":true,"href":"http:\/\/www.aek.eus\/blogak\/enkarterrikoaek\/wp-json\/wp\/v2\/tags?post=72"}],"curies":[{"name":"wp","href":"https:\/\/api.w.org\/{rel}","templated":true}]}}