{"id":193,"date":"2018-09-13T16:43:48","date_gmt":"2018-09-13T15:43:48","guid":{"rendered":"http:\/\/www.aek.eus\/blogak\/meatzaldekoaek\/?p=193"},"modified":"2018-09-13T16:43:48","modified_gmt":"2018-09-13T15:43:48","slug":"zu-meatzaldean-zaude-gu-ere-bai","status":"publish","type":"post","link":"http:\/\/www.aek.eus\/blogak\/meatzaldekoaek\/2018\/09\/13\/zu-meatzaldean-zaude-gu-ere-bai\/","title":{"rendered":"[:eu]Zu Meatzaldean zaude, gu ere bai![:]"},"content":{"rendered":"<p>[:eu]<\/p>\n<p align=\"center\"><span style=\"font-size: large\"><b>Zu Meatzaldean zaude, gu ere bai<\/b><\/span><\/p>\n<p>Hemen gaude berriro. Tira, bada, hobeto esanda, hementxe gaude, beti bezala. Zugandik hurbil, euskara hobetzen laguntzeko prest. Horren harira, zera esan nahi dizugu, ikasturte honetan, ikasteko oso aukera zabala eta edonoren behar eta nahietara egokitua eskaintzen dizugula. Bestetik, jakin behar duzu eskura izango duzun diru-laguntza ere inoizko handiena dela. <b>Zu<\/b> berton zaude, <b>Meatzaldeko AEK euskaltegiak<\/b> ere bai, eta 2018\/19 ikasturteko bidea elkarrekin jorratzea, poz ederra litzateke guretzat. Aldez aurretik, beraz, ongi etorri gurera!<\/p>\n<p align=\"center\"><span style=\"font-size: large\"><b>T\u00fa est\u00e1s en la Zona Minera, nosotros tambi\u00e9n<\/b><\/span><\/p>\n<p>Aqu\u00ed estamos de nuevo. Bueno, mejor dicho, aqu\u00ed estamos, como siempre, a tu lado, siempre dispuestos a ayudarte con el euskera. En este sentido, queremos decirte que, para el nuevo curso, tenemos una oferta lectiva, de d\u00edas y n\u00famero de horas a la semana, capaz de adaptarse a los gustos y necesidades de \u201ccasi\u201d todos los alumnos. Adem\u00e1s, tienes a tu disposici\u00f3n un abanico de ayudas p\u00fablicas, que rebaja como nunca el precio de la matr\u00edcula. <b>T\u00fa<\/b> est\u00e1s aqu\u00ed, y los<b> euskaltegis de Meatzaldeko AEK<\/b> tambi\u00e9n. Y, para nosotros, ser\u00eda una alegr\u00eda que recorri\u00e9ramos juntos el camino del curso 2018\/19. Bienvenido!<\/p>\n<p><img loading=\"lazy\" decoding=\"async\" class=\"aligncenter wp-image-176 size-large\" src=\"http:\/\/www.aek.eus\/blogak\/meatzaldekoaek\/files\/2018\/09\/irudia.meatzaldea-724x1024.jpg\" alt=\"\" width=\"724\" height=\"1024\" srcset=\"http:\/\/www.aek.eus\/blogak\/meatzaldekoaek\/files\/2018\/09\/irudia.meatzaldea-724x1024.jpg 724w, http:\/\/www.aek.eus\/blogak\/meatzaldekoaek\/files\/2018\/09\/irudia.meatzaldea-212x300.jpg 212w, http:\/\/www.aek.eus\/blogak\/meatzaldekoaek\/files\/2018\/09\/irudia.meatzaldea-768x1086.jpg 768w, http:\/\/www.aek.eus\/blogak\/meatzaldekoaek\/files\/2018\/09\/irudia.meatzaldea-690x976.jpg 690w, http:\/\/www.aek.eus\/blogak\/meatzaldekoaek\/files\/2018\/09\/irudia.meatzaldea-980x1386.jpg 980w, http:\/\/www.aek.eus\/blogak\/meatzaldekoaek\/files\/2018\/09\/irudia.meatzaldea.jpg 1240w\" sizes=\"auto, (max-width: 724px) 100vw, 724px\" \/><\/p>\n<p align=\"center\">\n<p align=\"center\"><span style=\"font-size: large\"><b>MEATZALDEAN EUSKARA IKASTEKO DIRU-LAGUNTZAK<\/b><\/span><\/p>\n<p align=\"justify\">Ikasleok gure euskaltegietan euskara ikasteagatik eskura duzuen diru-laguntza publikoen ezaugarri nagusiak azaltzen dizkizuegu beheko koadroan. Dena dela, edozein duda badaukazue, edota eskaera egiteko argibideak behar badituzue, harremanetan jarri <b>M<\/b><b>EATZALDE<\/b>ko<b> AEK I<\/b><b>KASGU<\/b>ko idazkaritzarekin (94 636 94 47) eta lagunduko dizuegu.<\/p>\n<table width=\"100%\" cellspacing=\"0\" cellpadding=\"4\">\n<colgroup>\n<col width=\"46*\" \/>\n<col width=\"43*\" \/>\n<col width=\"25*\" \/>\n<col width=\"49*\" \/>\n<col width=\"27*\" \/>\n<col width=\"24*\" \/>\n<col width=\"43*\" \/> <\/colgroup>\n<tbody>\n<tr valign=\"top\">\n<td style=\"background: #333333\" bgcolor=\"#333333\" width=\"18%\">\n<p align=\"center\"><span style=\"color: #ffffff\"><span style=\"font-size: small\"><b>ERAKUNDEA\/ENTIDAD<\/b><\/span><\/span><\/p>\n<\/td>\n<td style=\"background: #333333\" colspan=\"2\" bgcolor=\"#333333\" width=\"26%\">\n<p align=\"center\"><span style=\"color: #ffffff\"><span style=\"font-size: small\"><b>EUSKO JAURLARITZA<\/b><\/span><\/span><\/p>\n<\/td>\n<td style=\"background: #333333\" colspan=\"2\" bgcolor=\"#333333\" width=\"30%\">\n<p align=\"center\"><span style=\"color: #ffffff\"><span style=\"font-size: small\"><b>BIZKAIKO ALDUNDIA<\/b><\/span><\/span><\/p>\n<\/td>\n<td style=\"background: #333333\" colspan=\"2\" bgcolor=\"#333333\" width=\"26%\">\n<p align=\"center\"><span style=\"color: #ffffff\"><span style=\"font-size: small\"><b>UDALAK<\/b><\/span><\/span><\/p>\n<\/td>\n<\/tr>\n<tr valign=\"top\">\n<td style=\"background: #99ffff\" bgcolor=\"#99ffff\" width=\"18%\">\n<p align=\"center\"><b>Beka mota\/tipo de beka<\/b><\/p>\n<\/td>\n<td style=\"background: #99ffff\" colspan=\"2\" bgcolor=\"#99ffff\" width=\"26%\">\n<p align=\"center\">Diru itzulketa\/Devoluci\u00f3n de dinero<\/p>\n<\/td>\n<td style=\"background: #99ffff\" colspan=\"2\" bgcolor=\"#99ffff\" width=\"30%\">\n<p align=\"center\">Matrikula aurrerapena\/Adelanto m\u00e1tricula<\/p>\n<\/td>\n<td style=\"background: #99ffff\" colspan=\"2\" bgcolor=\"#99ffff\" width=\"26%\">\n<p align=\"center\">Diru itzulketa\/Devoluci\u00f3n de dinero<\/p>\n<\/td>\n<\/tr>\n<tr valign=\"top\">\n<td style=\"background: #ffccff\" bgcolor=\"#ffccff\" width=\"18%\">\n<p align=\"center\"><b>Betebeharrekoak <\/b><\/p>\n<p align=\"center\"><b>Requisitos<\/b><\/p>\n<\/td>\n<td style=\"background: #ffccff\" colspan=\"2\" bgcolor=\"#ffccff\" width=\"26%\">\n<p align=\"center\"><span style=\"font-size: medium\">Titulua eskuratzea\/Obtenci\u00f3n de t\u00edtulo<\/span><\/p>\n<\/td>\n<td style=\"background: #ffccff\" colspan=\"2\" bgcolor=\"#ffccff\" width=\"30%\">\n<p align=\"center\"><span style=\"font-size: medium\">Titulua eskuratzea \/ Obtenci\u00f3n de t<\/span><span style=\"font-size: medium\">\u00ed<\/span><span style=\"font-size: medium\">tulo<\/span><\/p>\n<\/td>\n<td style=\"background: #ffccff\" colspan=\"2\" bgcolor=\"#ffccff\" width=\"26%\">\n<ul>\n<li>\n<p align=\"left\">Asistentzia<\/p>\n<\/li>\n<li>\n<p align=\"left\">Aprobetxamendua<\/p>\n<\/li>\n<\/ul>\n<\/td>\n<\/tr>\n<tr valign=\"top\">\n<td style=\"background: #ccffcc\" rowspan=\"7\" bgcolor=\"#ccffcc\" width=\"18%\">\n<p align=\"center\"><b>Diru-laguntza<\/b><\/p>\n<p align=\"center\"><b>Cuant\u00eda de la ayuda<\/b><\/p>\n<\/td>\n<td style=\"background: #ccff66\" colspan=\"2\" bgcolor=\"#ccff66\" width=\"26%\">\n<p align=\"center\">GEHIENEZ\/M\u00c1XIMO<\/p>\n<\/td>\n<td style=\"background: #ccff66\" colspan=\"2\" bgcolor=\"#ccff66\" width=\"30%\">\n<p align=\"center\">GEHIENEZ\/M\u00c1XIMO<\/p>\n<\/td>\n<td style=\"background: #ccff66\" colspan=\"2\" bgcolor=\"#ccff66\" width=\"26%\">\n<p align=\"center\">GUTXIENEZ\/M\u00cdNIMO<\/p>\n<\/td>\n<\/tr>\n<tr valign=\"top\">\n<td style=\"background: #ccffcc\" bgcolor=\"#ccffcc\" width=\"17%\">\n<p align=\"center\">A1 titulua<\/p>\n<\/td>\n<td style=\"background: #ccffcc\" bgcolor=\"#ccffcc\" width=\"10%\">\n<p align=\"center\">125 \u20ac<\/p>\n<\/td>\n<td style=\"background: #ccffcc\" bgcolor=\"#ccffcc\" width=\"19%\">\n<p align=\"center\">A1 titulua<\/p>\n<\/td>\n<td style=\"background: #ccffcc\" bgcolor=\"#ccffcc\" width=\"10%\">\n<p align=\"center\">150 \u20ac<\/p>\n<\/td>\n<td style=\"background: #ccffcc\" bgcolor=\"#ccffcc\" width=\"9%\">\n<p align=\"center\"><b>Abanto<\/b><\/p>\n<\/td>\n<td style=\"background: #ccffcc\" bgcolor=\"#ccffcc\" width=\"17%\">\n<p align=\"center\">Matrikularen %50<\/p>\n<\/td>\n<\/tr>\n<tr valign=\"top\">\n<td style=\"background: #ccffcc\" bgcolor=\"#ccffcc\" width=\"17%\">\n<p align=\"center\">A2 titulua<\/p>\n<\/td>\n<td style=\"background: #ccffcc\" bgcolor=\"#ccffcc\" width=\"10%\">\n<p align=\"center\">175 \u20ac<\/p>\n<\/td>\n<td style=\"background: #ccffcc\" bgcolor=\"#ccffcc\" width=\"19%\">\n<p align=\"center\">A2 titulua<\/p>\n<\/td>\n<td style=\"background: #ccffcc\" bgcolor=\"#ccffcc\" width=\"10%\">\n<p align=\"center\">200 \u20ac<\/p>\n<\/td>\n<td style=\"background: #ccffcc\" bgcolor=\"#ccffcc\" width=\"9%\">\n<p align=\"center\"><b>Muskiz<\/b><\/p>\n<\/td>\n<td style=\"background: #ccffcc\" bgcolor=\"#ccffcc\" width=\"17%\">\n<p align=\"center\">Matrikularen %50<\/p>\n<\/td>\n<\/tr>\n<tr valign=\"top\">\n<td style=\"background: #ccffcc\" bgcolor=\"#ccffcc\" width=\"17%\">\n<p align=\"center\">B1 titulua<\/p>\n<\/td>\n<td style=\"background: #ccffcc\" bgcolor=\"#ccffcc\" width=\"10%\">\n<p align=\"center\">550 \u20ac<\/p>\n<\/td>\n<td style=\"background: #ccffcc\" bgcolor=\"#ccffcc\" width=\"19%\">\n<p align=\"center\">B1 titulua<\/p>\n<\/td>\n<td style=\"background: #ccffcc\" bgcolor=\"#ccffcc\" width=\"10%\">\n<p align=\"center\">300 \u20ac<\/p>\n<\/td>\n<td style=\"background: #ccffcc\" bgcolor=\"#ccffcc\" width=\"9%\">\n<p align=\"center\"><b>Ortuella <\/b><\/p>\n<\/td>\n<td style=\"background: #ccffcc\" bgcolor=\"#ccffcc\" width=\"17%\">\n<p align=\"center\">Matrikularen %65<\/p>\n<\/td>\n<\/tr>\n<tr valign=\"top\">\n<td style=\"background: #ccffcc\" bgcolor=\"#ccffcc\" width=\"17%\">\n<p align=\"center\">B2 titulua<\/p>\n<\/td>\n<td style=\"background: #ccffcc\" bgcolor=\"#ccffcc\" width=\"10%\">\n<p align=\"center\">400 \u20ac<\/p>\n<\/td>\n<td style=\"background: #ccffcc\" bgcolor=\"#ccffcc\" width=\"19%\">\n<p align=\"center\">B2 titulua<\/p>\n<\/td>\n<td style=\"background: #ccffcc\" bgcolor=\"#ccffcc\" width=\"10%\">\n<p align=\"center\">400 \u20ac<\/p>\n<\/td>\n<td style=\"background: #ccffcc\" bgcolor=\"#ccffcc\" width=\"9%\">\n<p align=\"center\"><b>Trapagaran<\/b><\/p>\n<\/td>\n<td style=\"background: #ccffcc\" bgcolor=\"#ccffcc\" width=\"17%\">\n<p align=\"center\">Matrikularen %75<\/p>\n<\/td>\n<\/tr>\n<tr valign=\"top\">\n<td style=\"background: #ccffcc\" bgcolor=\"#ccffcc\" width=\"17%\">\n<p align=\"center\">C1 titulua<\/p>\n<\/td>\n<td style=\"background: #ccffcc\" bgcolor=\"#ccffcc\" width=\"10%\">\n<p align=\"center\">150 \u20ac<\/p>\n<\/td>\n<td style=\"background: #ccffcc\" bgcolor=\"#ccffcc\" width=\"19%\"><\/td>\n<td style=\"background: #ccffcc\" bgcolor=\"#ccffcc\" width=\"10%\"><\/td>\n<td style=\"background: #ccffcc\" bgcolor=\"#ccffcc\" width=\"9%\"><\/td>\n<td style=\"background: #ccffcc\" bgcolor=\"#ccffcc\" width=\"17%\"><\/td>\n<\/tr>\n<tr valign=\"top\">\n<td style=\"background: #ccffcc\" bgcolor=\"#ccffcc\" width=\"17%\">\n<p align=\"center\">C2 titulua<\/p>\n<\/td>\n<td style=\"background: #ccffcc\" bgcolor=\"#ccffcc\" width=\"10%\">\n<p align=\"center\">100 \u20ac<\/p>\n<\/td>\n<td style=\"background: #ccffcc\" bgcolor=\"#ccffcc\" width=\"19%\"><\/td>\n<td style=\"background: #ccffcc\" bgcolor=\"#ccffcc\" width=\"10%\"><\/td>\n<td style=\"background: #ccffcc\" bgcolor=\"#ccffcc\" width=\"9%\"><\/td>\n<td style=\"background: #ccffcc\" bgcolor=\"#ccffcc\" width=\"17%\"><\/td>\n<\/tr>\n<tr valign=\"top\">\n<td style=\"background: transparent\" width=\"18%\">\n<p align=\"center\"><b>Eskaera egiteko garaia<\/b><\/p>\n<p align=\"center\"><b>Periodo solicitud<\/b><\/p>\n<\/td>\n<td style=\"background: transparent\" colspan=\"2\" width=\"26%\">\n<p align=\"center\">Iraila \/ Setiembre<\/p>\n<\/td>\n<td style=\"background: transparent\" colspan=\"2\" width=\"30%\">\n<p align=\"center\">Uztaila \/ Julio<\/p>\n<\/td>\n<td style=\"background: transparent\" colspan=\"2\" width=\"26%\">\n<p align=\"center\">Urria \/ Octubre<\/p>\n<\/td>\n<\/tr>\n<\/tbody>\n<\/table>\n<p align=\"center\"><span style=\"font-size: large\"><b>AYUDAS ECON<\/b><b>\u00d3<\/b><b>MICAS PARA ESTUDIAR EUSKARA EN LA ZONA MINERA<\/b><\/span><\/p>\n<p align=\"justify\">En el cuadro de arriba hemos recogido los detalles de las ayudas econ\u00f3micas que, por estudiar euskera en alguno de nuestros euskaltegis, teneis a vuestra disposici\u00f3n. De todas maneras, si necesitas alguna aclaraci\u00f3n o que te facilitemos algun tr\u00e1mite, no tienes m\u00e1s que llamar a secretar\u00eda de <b>MEATZALDE<\/b>ko <b>AEK <\/b>(94 636 94 47) y te ayudaremos.<\/p>\n<h3 style=\"text-align: center\" align=\"justify\"><strong>NON ETA NOIZ TOPA GAITZAKEZU \/ D\u00d3NDE Y CU\u00c1NDO NOS PUEDES ENCONTRAR<\/strong><\/h3>\n<p><img loading=\"lazy\" decoding=\"async\" class=\"wp-image-194 alignleft\" src=\"http:\/\/www.aek.eus\/blogak\/meatzaldekoaek\/files\/2018\/09\/irudia.Trapagaran-724x1024.jpg\" alt=\"\" width=\"500\" height=\"707\" srcset=\"http:\/\/www.aek.eus\/blogak\/meatzaldekoaek\/files\/2018\/09\/irudia.Trapagaran-724x1024.jpg 724w, http:\/\/www.aek.eus\/blogak\/meatzaldekoaek\/files\/2018\/09\/irudia.Trapagaran-212x300.jpg 212w, http:\/\/www.aek.eus\/blogak\/meatzaldekoaek\/files\/2018\/09\/irudia.Trapagaran-768x1086.jpg 768w, http:\/\/www.aek.eus\/blogak\/meatzaldekoaek\/files\/2018\/09\/irudia.Trapagaran-690x976.jpg 690w, http:\/\/www.aek.eus\/blogak\/meatzaldekoaek\/files\/2018\/09\/irudia.Trapagaran-980x1386.jpg 980w, http:\/\/www.aek.eus\/blogak\/meatzaldekoaek\/files\/2018\/09\/irudia.Trapagaran.jpg 1240w\" sizes=\"auto, (max-width: 500px) 100vw, 500px\" \/><img loading=\"lazy\" decoding=\"async\" class=\"wp-image-197 alignleft\" src=\"http:\/\/www.aek.eus\/blogak\/meatzaldekoaek\/files\/2018\/09\/irudiaortuella-724x1024.jpg\" alt=\"\" width=\"500\" height=\"707\" srcset=\"http:\/\/www.aek.eus\/blogak\/meatzaldekoaek\/files\/2018\/09\/irudiaortuella-724x1024.jpg 724w, http:\/\/www.aek.eus\/blogak\/meatzaldekoaek\/files\/2018\/09\/irudiaortuella-212x300.jpg 212w, http:\/\/www.aek.eus\/blogak\/meatzaldekoaek\/files\/2018\/09\/irudiaortuella-768x1086.jpg 768w, http:\/\/www.aek.eus\/blogak\/meatzaldekoaek\/files\/2018\/09\/irudiaortuella-690x976.jpg 690w, http:\/\/www.aek.eus\/blogak\/meatzaldekoaek\/files\/2018\/09\/irudiaortuella-980x1386.jpg 980w, http:\/\/www.aek.eus\/blogak\/meatzaldekoaek\/files\/2018\/09\/irudiaortuella.jpg 1240w\" sizes=\"auto, (max-width: 500px) 100vw, 500px\" \/><\/p>\n<p>&nbsp;<\/p>\n<p>&nbsp;<\/p>\n<p>&nbsp;<\/p>\n<p>&nbsp;<\/p>\n<p>&nbsp;<\/p>\n<p>&nbsp;<\/p>\n<p>&nbsp;<\/p>\n<p>&nbsp;<\/p>\n<p>&nbsp;<\/p>\n<p>&nbsp;<\/p>\n<p>&nbsp;<\/p>\n<p>&nbsp;<\/p>\n<p>&nbsp;<\/p>\n<p>&nbsp;<\/p>\n<p>&nbsp;<\/p>\n<p>&nbsp;<\/p>\n<p>&nbsp;<\/p>\n<p>&nbsp;<\/p>\n<p>&nbsp;<\/p>\n<p><img loading=\"lazy\" decoding=\"async\" class=\"alignnone wp-image-195\" src=\"http:\/\/www.aek.eus\/blogak\/meatzaldekoaek\/files\/2018\/09\/irudiabanto-212x300.jpg\" alt=\"\" width=\"500\" height=\"707\" srcset=\"http:\/\/www.aek.eus\/blogak\/meatzaldekoaek\/files\/2018\/09\/irudiabanto-212x300.jpg 212w, http:\/\/www.aek.eus\/blogak\/meatzaldekoaek\/files\/2018\/09\/irudiabanto-768x1086.jpg 768w, http:\/\/www.aek.eus\/blogak\/meatzaldekoaek\/files\/2018\/09\/irudiabanto-724x1024.jpg 724w, http:\/\/www.aek.eus\/blogak\/meatzaldekoaek\/files\/2018\/09\/irudiabanto-690x976.jpg 690w, http:\/\/www.aek.eus\/blogak\/meatzaldekoaek\/files\/2018\/09\/irudiabanto-980x1386.jpg 980w, http:\/\/www.aek.eus\/blogak\/meatzaldekoaek\/files\/2018\/09\/irudiabanto.jpg 1240w\" sizes=\"auto, (max-width: 500px) 100vw, 500px\" \/><img loading=\"lazy\" decoding=\"async\" class=\"alignnone wp-image-196\" src=\"http:\/\/www.aek.eus\/blogak\/meatzaldekoaek\/files\/2018\/09\/irudia-muskiz-212x300.jpg\" alt=\"\" width=\"500\" height=\"707\" srcset=\"http:\/\/www.aek.eus\/blogak\/meatzaldekoaek\/files\/2018\/09\/irudia-muskiz-212x300.jpg 212w, http:\/\/www.aek.eus\/blogak\/meatzaldekoaek\/files\/2018\/09\/irudia-muskiz-768x1086.jpg 768w, http:\/\/www.aek.eus\/blogak\/meatzaldekoaek\/files\/2018\/09\/irudia-muskiz-724x1024.jpg 724w, http:\/\/www.aek.eus\/blogak\/meatzaldekoaek\/files\/2018\/09\/irudia-muskiz-690x976.jpg 690w, http:\/\/www.aek.eus\/blogak\/meatzaldekoaek\/files\/2018\/09\/irudia-muskiz-980x1386.jpg 980w, http:\/\/www.aek.eus\/blogak\/meatzaldekoaek\/files\/2018\/09\/irudia-muskiz.jpg 1240w\" sizes=\"auto, (max-width: 500px) 100vw, 500px\" \/><\/p>\n<p>&nbsp;<\/p>\n<p>&nbsp;[:]<\/p>\n","protected":false},"excerpt":{"rendered":"<p>[:eu] Zu Meatzaldean zaude, gu ere bai Hemen gaude berriro. Tira, bada, hobeto esanda, hementxe gaude, beti bezala. Zugandik hurbil, euskara hobetzen laguntzeko prest. Horren harira, zera esan nahi dizugu, ikasturte honetan, ikasteko oso aukera zabala eta edonoren behar eta nahietara egokitua eskaintzen dizugula. Bestetik, jakin behar duzu eskura izango duzun diru-laguntza ere inoizko handiena [&hellip;]<\/p>\n","protected":false},"author":42,"featured_media":0,"comment_status":"open","ping_status":"open","sticky":false,"template":"","format":"standard","meta":{"footnotes":""},"categories":[1],"tags":[],"class_list":{"0":"post-193","1":"post","2":"type-post","3":"status-publish","4":"format-standard","6":"category-albisteak","7":"czr-hentry"},"featured_image_src":null,"featured_image_src_square":null,"author_info":{"display_name":"meatzaldekoaek","author_link":"http:\/\/www.aek.eus\/blogak\/meatzaldekoaek\/author\/meatzaldekoaek\/"},"_links":{"self":[{"href":"http:\/\/www.aek.eus\/blogak\/meatzaldekoaek\/wp-json\/wp\/v2\/posts\/193","targetHints":{"allow":["GET"]}}],"collection":[{"href":"http:\/\/www.aek.eus\/blogak\/meatzaldekoaek\/wp-json\/wp\/v2\/posts"}],"about":[{"href":"http:\/\/www.aek.eus\/blogak\/meatzaldekoaek\/wp-json\/wp\/v2\/types\/post"}],"author":[{"embeddable":true,"href":"http:\/\/www.aek.eus\/blogak\/meatzaldekoaek\/wp-json\/wp\/v2\/users\/42"}],"replies":[{"embeddable":true,"href":"http:\/\/www.aek.eus\/blogak\/meatzaldekoaek\/wp-json\/wp\/v2\/comments?post=193"}],"version-history":[{"count":1,"href":"http:\/\/www.aek.eus\/blogak\/meatzaldekoaek\/wp-json\/wp\/v2\/posts\/193\/revisions"}],"predecessor-version":[{"id":198,"href":"http:\/\/www.aek.eus\/blogak\/meatzaldekoaek\/wp-json\/wp\/v2\/posts\/193\/revisions\/198"}],"wp:attachment":[{"href":"http:\/\/www.aek.eus\/blogak\/meatzaldekoaek\/wp-json\/wp\/v2\/media?parent=193"}],"wp:term":[{"taxonomy":"category","embeddable":true,"href":"http:\/\/www.aek.eus\/blogak\/meatzaldekoaek\/wp-json\/wp\/v2\/categories?post=193"},{"taxonomy":"post_tag","embeddable":true,"href":"http:\/\/www.aek.eus\/blogak\/meatzaldekoaek\/wp-json\/wp\/v2\/tags?post=193"}],"curies":[{"name":"wp","href":"https:\/\/api.w.org\/{rel}","templated":true}]}}