{"id":2285,"date":"2017-03-26T12:50:12","date_gmt":"2017-03-26T10:50:12","guid":{"rendered":"http:\/\/www.aek.eus\/blogak\/bilbo\/?p=2285"},"modified":"2017-03-26T12:50:12","modified_gmt":"2017-03-26T10:50:12","slug":"martxoaren-29an-bertso-kanta-poteoa-indautxun-zehar","status":"publish","type":"post","link":"https:\/\/www.aek.eus\/blogak\/bilbo\/martxoaren-29an-bertso-kanta-poteoa-indautxun-zehar\/","title":{"rendered":"[:eu]Martxoaren 29an Bertso-kanta poteoa Indautxun zehar!![:es]El 29 de marzo bertso-kanta poteo por las calles de Indautxu!![:]"},"content":{"rendered":"<p>[:eu]20. korrika dela eta, Indautxu-Irala AEK-k bertso-kanta poteoa egingo du auzoko kaleetan zehar, Hitzak tabernatik hasita, iluntzeko 7:30ean. Animatu eta gurekin elkartu arratsalde euskaldun zoragarria pasatzera! Gora Korrika!!<a href=\"http:\/\/www.aek.eus\/blogak\/bilbo\/files\/2017\/03\/ANyVk_Iw.jpg\"><img loading=\"lazy\" decoding=\"async\" class=\"aligncenter size-full wp-image-2286\" src=\"http:\/\/www.aek.eus\/blogak\/bilbo\/files\/2017\/03\/ANyVk_Iw.jpg\" alt=\"\" width=\"512\" height=\"512\" srcset=\"https:\/\/www.aek.eus\/blogak\/bilbo\/files\/2017\/03\/ANyVk_Iw.jpg 512w, https:\/\/www.aek.eus\/blogak\/bilbo\/files\/2017\/03\/ANyVk_Iw-150x150.jpg 150w, https:\/\/www.aek.eus\/blogak\/bilbo\/files\/2017\/03\/ANyVk_Iw-300x300.jpg 300w\" sizes=\"auto, (max-width: 512px) 100vw, 512px\" \/><\/a>[:es]<a href=\"http:\/\/www.aek.eus\/blogak\/bilbo\/files\/2017\/03\/ANyVk_Iw.jpg\"><img loading=\"lazy\" decoding=\"async\" class=\"aligncenter size-full wp-image-2286\" src=\"http:\/\/www.aek.eus\/blogak\/bilbo\/files\/2017\/03\/ANyVk_Iw.jpg\" alt=\"\" width=\"512\" height=\"512\" srcset=\"https:\/\/www.aek.eus\/blogak\/bilbo\/files\/2017\/03\/ANyVk_Iw.jpg 512w, https:\/\/www.aek.eus\/blogak\/bilbo\/files\/2017\/03\/ANyVk_Iw-150x150.jpg 150w, https:\/\/www.aek.eus\/blogak\/bilbo\/files\/2017\/03\/ANyVk_Iw-300x300.jpg 300w\" sizes=\"auto, (max-width: 512px) 100vw, 512px\" \/><\/a>Con motivo de la korrika 20 Indautxu-Irala AEK ha organizado el d\u00eda 29 de marzo un bertso-kanta poteo por las calles del barrio. Empezaremos sobre las 19:30 en la taberna Hitzak. An\u00edmate y \u00fanete a nosotros el mi\u00e9rcoles 29, pasar\u00e1s una tarde inolvidable en un ambiente euskaldun!![:]<\/p>\n","protected":false},"excerpt":{"rendered":"<p>[:eu]20. korrika dela eta, Indautxu-Irala AEK-k bertso-kanta poteoa egingo du auzoko kaleetan zehar, Hitzak tabernatik hasita, iluntzeko 7:30ean. Animatu eta gurekin elkartu arratsalde euskaldun zoragarria pasatzera! Gora Korrika!![:es]Con motivo de la korrika 20 Indautxu-Irala AEK ha organizado el d\u00eda 29 de marzo un bertso-kanta poteo por las calles del barrio. Empezaremos sobre las 19:30 en [&hellip;]<\/p>\n","protected":false},"author":32,"featured_media":0,"comment_status":"closed","ping_status":"open","sticky":false,"template":"","format":"standard","meta":{"footnotes":""},"categories":[15],"tags":[],"class_list":{"0":"post-2285","1":"post","2":"type-post","3":"status-publish","4":"format-standard","6":"category-indautxu","7":"czr-hentry"},"featured_image_src":null,"featured_image_src_square":null,"author_info":{"display_name":"Bilbo","author_link":"https:\/\/www.aek.eus\/blogak\/bilbo\/author\/bilbo\/"},"_links":{"self":[{"href":"https:\/\/www.aek.eus\/blogak\/bilbo\/wp-json\/wp\/v2\/posts\/2285","targetHints":{"allow":["GET"]}}],"collection":[{"href":"https:\/\/www.aek.eus\/blogak\/bilbo\/wp-json\/wp\/v2\/posts"}],"about":[{"href":"https:\/\/www.aek.eus\/blogak\/bilbo\/wp-json\/wp\/v2\/types\/post"}],"author":[{"embeddable":true,"href":"https:\/\/www.aek.eus\/blogak\/bilbo\/wp-json\/wp\/v2\/users\/32"}],"replies":[{"embeddable":true,"href":"https:\/\/www.aek.eus\/blogak\/bilbo\/wp-json\/wp\/v2\/comments?post=2285"}],"version-history":[{"count":1,"href":"https:\/\/www.aek.eus\/blogak\/bilbo\/wp-json\/wp\/v2\/posts\/2285\/revisions"}],"predecessor-version":[{"id":2287,"href":"https:\/\/www.aek.eus\/blogak\/bilbo\/wp-json\/wp\/v2\/posts\/2285\/revisions\/2287"}],"wp:attachment":[{"href":"https:\/\/www.aek.eus\/blogak\/bilbo\/wp-json\/wp\/v2\/media?parent=2285"}],"wp:term":[{"taxonomy":"category","embeddable":true,"href":"https:\/\/www.aek.eus\/blogak\/bilbo\/wp-json\/wp\/v2\/categories?post=2285"},{"taxonomy":"post_tag","embeddable":true,"href":"https:\/\/www.aek.eus\/blogak\/bilbo\/wp-json\/wp\/v2\/tags?post=2285"}],"curies":[{"name":"wp","href":"https:\/\/api.w.org\/{rel}","templated":true}]}}