{"id":2317,"date":"2017-04-27T12:02:08","date_gmt":"2017-04-27T10:02:08","guid":{"rendered":"http:\/\/www.aek.eus\/blogak\/bilbo\/?p=2317"},"modified":"2017-04-27T12:06:33","modified_gmt":"2017-04-27T10:06:33","slug":"maiatzaren-6an-indautxu-eguna-ospatuko-dugu","status":"publish","type":"post","link":"https:\/\/www.aek.eus\/blogak\/bilbo\/maiatzaren-6an-indautxu-eguna-ospatuko-dugu\/","title":{"rendered":"[:eu]Maiatzaren 6an INDAUTXU EGUNA ospatuko dugu!![:es]El 6 de mayo celebramos el INDAUTXU EGUNA![:]"},"content":{"rendered":"<p>[:eu]Duela urte eta erdi INDAUTXUKO JAI BATZORDEA osatu zen, gu bertako partaide garela auzoko beste hainbat talde, eragile eta norbanakorekin batera. Batzorde honen asmoa auzoko giroa eta auzo sentimendua berreskuratzea izan da.\u00a0 INDAUTXU EGUNA antolatzearen helburua indautxutar guztiok batuko gaituen egun bat aldarrikatzea izango da, giro herrikoian eta parte-hartzailean. Egun osorako ekitaldiak antolatu ditugu. Orain falta den gauza bakarra da jendea animatzea, parte hartzea eta disfrutatzea. GORA INDAUTXU EGUNA!!!<\/p>\n<p><a href=\"http:\/\/www.aek.eus\/blogak\/bilbo\/files\/2017\/04\/IMG-20170426-WA0003.jpg\"><img loading=\"lazy\" decoding=\"async\" class=\"aligncenter size-large wp-image-2318\" src=\"http:\/\/www.aek.eus\/blogak\/bilbo\/files\/2017\/04\/IMG-20170426-WA0003-724x1024.jpg\" alt=\"\" width=\"724\" height=\"1024\" srcset=\"https:\/\/www.aek.eus\/blogak\/bilbo\/files\/2017\/04\/IMG-20170426-WA0003-724x1024.jpg 724w, https:\/\/www.aek.eus\/blogak\/bilbo\/files\/2017\/04\/IMG-20170426-WA0003-212x300.jpg 212w, https:\/\/www.aek.eus\/blogak\/bilbo\/files\/2017\/04\/IMG-20170426-WA0003-768x1086.jpg 768w, https:\/\/www.aek.eus\/blogak\/bilbo\/files\/2017\/04\/IMG-20170426-WA0003.jpg 1131w\" sizes=\"auto, (max-width: 724px) 100vw, 724px\" \/><\/a>[:es]Hace a\u00f1o y medio se confom\u00f3 la Comisi\u00f3n de Fiestas de Indautxu de la que formamos parte, junto a otros colectivos y personas del barrio. El objetivo de nuestra comisi\u00f3n es recuperar el ambiente y sentimiento de barrio de otras \u00e9pocas. Al organizar el INDAUTXU EGUNA queremos reivindicar un d\u00eda en el que tod@s l@s vecin@s de Indautxu se sientan parte del barrio, en un ambiente popular y participativo. Hemos organizado actos durante todo el d\u00eda, y ahora solo falta que la gente se anime, participe y disfrute de la fiesta. GORA INDAUTXU EGUNA!!<\/p>\n<p><a href=\"http:\/\/www.aek.eus\/blogak\/bilbo\/files\/2017\/04\/IMG-20170426-WA0003.jpg\"><img loading=\"lazy\" decoding=\"async\" class=\"aligncenter size-large wp-image-2318\" src=\"http:\/\/www.aek.eus\/blogak\/bilbo\/files\/2017\/04\/IMG-20170426-WA0003-724x1024.jpg\" alt=\"\" width=\"724\" height=\"1024\" srcset=\"https:\/\/www.aek.eus\/blogak\/bilbo\/files\/2017\/04\/IMG-20170426-WA0003-724x1024.jpg 724w, https:\/\/www.aek.eus\/blogak\/bilbo\/files\/2017\/04\/IMG-20170426-WA0003-212x300.jpg 212w, https:\/\/www.aek.eus\/blogak\/bilbo\/files\/2017\/04\/IMG-20170426-WA0003-768x1086.jpg 768w, https:\/\/www.aek.eus\/blogak\/bilbo\/files\/2017\/04\/IMG-20170426-WA0003.jpg 1131w\" sizes=\"auto, (max-width: 724px) 100vw, 724px\" \/><\/a>[:]<\/p>\n","protected":false},"excerpt":{"rendered":"<p>[:eu]Duela urte eta erdi INDAUTXUKO JAI BATZORDEA osatu zen, gu bertako partaide garela auzoko beste hainbat talde, eragile eta norbanakorekin batera. Batzorde honen asmoa auzoko giroa eta auzo sentimendua berreskuratzea izan da.\u00a0 INDAUTXU EGUNA antolatzearen helburua indautxutar guztiok batuko gaituen egun bat aldarrikatzea izango da, giro herrikoian eta parte-hartzailean. Egun osorako ekitaldiak antolatu ditugu. Orain [&hellip;]<\/p>\n","protected":false},"author":32,"featured_media":0,"comment_status":"closed","ping_status":"open","sticky":false,"template":"","format":"standard","meta":{"footnotes":""},"categories":[15],"tags":[],"class_list":{"0":"post-2317","1":"post","2":"type-post","3":"status-publish","4":"format-standard","6":"category-indautxu","7":"czr-hentry"},"featured_image_src":null,"featured_image_src_square":null,"author_info":{"display_name":"Bilbo","author_link":"https:\/\/www.aek.eus\/blogak\/bilbo\/author\/bilbo\/"},"_links":{"self":[{"href":"https:\/\/www.aek.eus\/blogak\/bilbo\/wp-json\/wp\/v2\/posts\/2317","targetHints":{"allow":["GET"]}}],"collection":[{"href":"https:\/\/www.aek.eus\/blogak\/bilbo\/wp-json\/wp\/v2\/posts"}],"about":[{"href":"https:\/\/www.aek.eus\/blogak\/bilbo\/wp-json\/wp\/v2\/types\/post"}],"author":[{"embeddable":true,"href":"https:\/\/www.aek.eus\/blogak\/bilbo\/wp-json\/wp\/v2\/users\/32"}],"replies":[{"embeddable":true,"href":"https:\/\/www.aek.eus\/blogak\/bilbo\/wp-json\/wp\/v2\/comments?post=2317"}],"version-history":[{"count":1,"href":"https:\/\/www.aek.eus\/blogak\/bilbo\/wp-json\/wp\/v2\/posts\/2317\/revisions"}],"predecessor-version":[{"id":2319,"href":"https:\/\/www.aek.eus\/blogak\/bilbo\/wp-json\/wp\/v2\/posts\/2317\/revisions\/2319"}],"wp:attachment":[{"href":"https:\/\/www.aek.eus\/blogak\/bilbo\/wp-json\/wp\/v2\/media?parent=2317"}],"wp:term":[{"taxonomy":"category","embeddable":true,"href":"https:\/\/www.aek.eus\/blogak\/bilbo\/wp-json\/wp\/v2\/categories?post=2317"},{"taxonomy":"post_tag","embeddable":true,"href":"https:\/\/www.aek.eus\/blogak\/bilbo\/wp-json\/wp\/v2\/tags?post=2317"}],"curies":[{"name":"wp","href":"https:\/\/api.w.org\/{rel}","templated":true}]}}