{"id":2323,"date":"2017-05-12T12:09:11","date_gmt":"2017-05-12T10:09:11","guid":{"rendered":"http:\/\/www.aek.eus\/blogak\/bilbo\/?p=2323"},"modified":"2017-05-12T12:12:48","modified_gmt":"2017-05-12T10:12:48","slug":"xiii-txotxindau-martxan-daukagu","status":"publish","type":"post","link":"https:\/\/www.aek.eus\/blogak\/bilbo\/xiii-txotxindau-martxan-daukagu\/","title":{"rendered":"[:eu]XIII. TXOTXINDAU martxan daukagu!![:es]Ya est\u00e1 en marcha el XIII edici\u00f3n del TXOTXINDAU!![:]"},"content":{"rendered":"<p>[:eu]Maiatzaren 19 honetan euskaltegian sagardo-jaia antolatuko dugu, gure jairik entzutetsuena! Ezagutzen baduzue, ziur errepikatu nahi duzuela, eta ezagutu ezean&#8230; zeren zain zaudete??? Eman izena euskaltegian!! 94 441 34 74 &#8211; 607 617 940 telefonoetara deitu ala indautxu@aek.eus helbidera mezua bidali. Gora gure TXOOOOOOTXXX!!!<\/p>\n<p><a href=\"http:\/\/www.aek.eus\/blogak\/bilbo\/files\/2017\/05\/TXOTXKARTELA-2017-001.jpg\"><img loading=\"lazy\" decoding=\"async\" class=\"aligncenter wp-image-2324\" src=\"http:\/\/www.aek.eus\/blogak\/bilbo\/files\/2017\/05\/TXOTXKARTELA-2017-001-724x1024.jpg\" alt=\"\" width=\"609\" height=\"862\" srcset=\"https:\/\/www.aek.eus\/blogak\/bilbo\/files\/2017\/05\/TXOTXKARTELA-2017-001-724x1024.jpg 724w, https:\/\/www.aek.eus\/blogak\/bilbo\/files\/2017\/05\/TXOTXKARTELA-2017-001-212x300.jpg 212w, https:\/\/www.aek.eus\/blogak\/bilbo\/files\/2017\/05\/TXOTXKARTELA-2017-001-768x1087.jpg 768w, https:\/\/www.aek.eus\/blogak\/bilbo\/files\/2017\/05\/TXOTXKARTELA-2017-001.jpg 1190w\" sizes=\"auto, (max-width: 609px) 100vw, 609px\" \/><\/a>[:es]Este 19 de mayo organizaremos en el euskaltegi la fiesta de la sidra, \u00a1nuestra fiesta m\u00e1s conocida! Si ya la conoceis seguro que quer\u00e9is repetir, y si no la conoceis todav\u00eda&#8230; \u00bfa qu\u00e9 esperais? Dad el nombre lo antes posible: llamad al los tel\u00e9fonos 94 441 34 74 &#8211; 607 617 940 o escribid un mensaje a indautxu@aek.eus . Gora gure TXOOOTXXX!!!<\/p>\n<p><a href=\"http:\/\/www.aek.eus\/blogak\/bilbo\/files\/2017\/05\/TXOTXKARTELA-2017-001.jpg\"><img loading=\"lazy\" decoding=\"async\" class=\"aligncenter  wp-image-2324\" src=\"http:\/\/www.aek.eus\/blogak\/bilbo\/files\/2017\/05\/TXOTXKARTELA-2017-001-724x1024.jpg\" alt=\"\" width=\"651\" height=\"921\" srcset=\"https:\/\/www.aek.eus\/blogak\/bilbo\/files\/2017\/05\/TXOTXKARTELA-2017-001-724x1024.jpg 724w, https:\/\/www.aek.eus\/blogak\/bilbo\/files\/2017\/05\/TXOTXKARTELA-2017-001-212x300.jpg 212w, https:\/\/www.aek.eus\/blogak\/bilbo\/files\/2017\/05\/TXOTXKARTELA-2017-001-768x1087.jpg 768w, https:\/\/www.aek.eus\/blogak\/bilbo\/files\/2017\/05\/TXOTXKARTELA-2017-001.jpg 1190w\" sizes=\"auto, (max-width: 651px) 100vw, 651px\" \/><\/a>[:]<\/p>\n","protected":false},"excerpt":{"rendered":"<p>[:eu]Maiatzaren 19 honetan euskaltegian sagardo-jaia antolatuko dugu, gure jairik entzutetsuena! Ezagutzen baduzue, ziur errepikatu nahi duzuela, eta ezagutu ezean&#8230; zeren zain zaudete??? Eman izena euskaltegian!! 94 441 34 74 &#8211; 607 617 940 telefonoetara deitu ala indautxu@aek.eus helbidera mezua bidali. Gora gure TXOOOOOOTXXX!!! [:es]Este 19 de mayo organizaremos en el euskaltegi la fiesta de la [&hellip;]<\/p>\n","protected":false},"author":32,"featured_media":0,"comment_status":"closed","ping_status":"open","sticky":false,"template":"","format":"standard","meta":{"footnotes":""},"categories":[15],"tags":[],"class_list":{"0":"post-2323","1":"post","2":"type-post","3":"status-publish","4":"format-standard","6":"category-indautxu","7":"czr-hentry"},"featured_image_src":null,"featured_image_src_square":null,"author_info":{"display_name":"Bilbo","author_link":"https:\/\/www.aek.eus\/blogak\/bilbo\/author\/bilbo\/"},"_links":{"self":[{"href":"https:\/\/www.aek.eus\/blogak\/bilbo\/wp-json\/wp\/v2\/posts\/2323","targetHints":{"allow":["GET"]}}],"collection":[{"href":"https:\/\/www.aek.eus\/blogak\/bilbo\/wp-json\/wp\/v2\/posts"}],"about":[{"href":"https:\/\/www.aek.eus\/blogak\/bilbo\/wp-json\/wp\/v2\/types\/post"}],"author":[{"embeddable":true,"href":"https:\/\/www.aek.eus\/blogak\/bilbo\/wp-json\/wp\/v2\/users\/32"}],"replies":[{"embeddable":true,"href":"https:\/\/www.aek.eus\/blogak\/bilbo\/wp-json\/wp\/v2\/comments?post=2323"}],"version-history":[{"count":3,"href":"https:\/\/www.aek.eus\/blogak\/bilbo\/wp-json\/wp\/v2\/posts\/2323\/revisions"}],"predecessor-version":[{"id":2328,"href":"https:\/\/www.aek.eus\/blogak\/bilbo\/wp-json\/wp\/v2\/posts\/2323\/revisions\/2328"}],"wp:attachment":[{"href":"https:\/\/www.aek.eus\/blogak\/bilbo\/wp-json\/wp\/v2\/media?parent=2323"}],"wp:term":[{"taxonomy":"category","embeddable":true,"href":"https:\/\/www.aek.eus\/blogak\/bilbo\/wp-json\/wp\/v2\/categories?post=2323"},{"taxonomy":"post_tag","embeddable":true,"href":"https:\/\/www.aek.eus\/blogak\/bilbo\/wp-json\/wp\/v2\/tags?post=2323"}],"curies":[{"name":"wp","href":"https:\/\/api.w.org\/{rel}","templated":true}]}}