{"id":685,"date":"2013-09-03T17:54:59","date_gmt":"2013-09-03T15:54:59","guid":{"rendered":"http:\/\/www.aek.eus\/blogak\/bilbo\/?p=685"},"modified":"2013-09-10T17:11:48","modified_gmt":"2013-09-10T15:11:48","slug":"euskara-eskolak","status":"publish","type":"post","link":"https:\/\/www.aek.eus\/blogak\/bilbo\/euskara-eskolak\/","title":{"rendered":"Euskara eskolak"},"content":{"rendered":"<p style=\"text-align: center\"><a href=\"http:\/\/www.aek.eus\/blogak\/bilbo\/files\/2013\/08\/Faldoia.jpg\"><img loading=\"lazy\" decoding=\"async\" src=\"http:\/\/www.aek.eus\/blogak\/bilbo\/files\/2013\/08\/Faldoia.jpg\" alt=\"\" width=\"526\" height=\"107\" \/><\/a><\/p>\n<p style=\"text-align: center\"><span style=\"color: #ff6600\"><strong><span style=\"font-family: Arial;font-size: x-large\">2013-2014 ikasturteko <\/span><\/strong><\/span><\/p>\n<p style=\"text-align: center\"><span style=\"color: #ff6600\"><strong><span style=\"font-family: Arial;font-size: xx-large\">MATRIKULA ZABALIK<\/span><\/strong><\/span><\/p>\n<h2 style=\"text-align: center\"><a href=\"http:\/\/www.aek.eus\/blogak\/bilbo\/files\/2013\/08\/Postita-zerrenda.jpg\"><img loading=\"lazy\" decoding=\"async\" class=\"aligncenter  wp-image-713\" src=\"http:\/\/www.aek.eus\/blogak\/bilbo\/files\/2013\/08\/Postita-zerrenda.jpg\" alt=\"\" width=\"492\" height=\"570\" srcset=\"https:\/\/www.aek.eus\/blogak\/bilbo\/files\/2013\/08\/Postita-zerrenda.jpg 543w, https:\/\/www.aek.eus\/blogak\/bilbo\/files\/2013\/08\/Postita-zerrenda-259x300.jpg 259w\" sizes=\"auto, (max-width: 492px) 100vw, 492px\" \/><\/a><\/h2>\n<h4 style=\"text-align: center\">HABE azterketak 2. deialdia &#8211; <a title=\"Ahozko berezia\" href=\"http:\/\/www.aek.eus\/blogak\/bilbo\/files\/2013\/09\/Ahozko-bereziak.pdf\" target=\"_blank\">AHOZKOaren LANKETARAKO ikastaro berezia<\/a><\/h4>\n<h4 style=\"text-align: center\"><strong>ORDUTEGI<\/strong> eta <strong>MAILA GUZTIAK<\/strong> \/ Todos los cursos y niveles<\/h4>\n<h4 style=\"text-align: center\">Cursos de 5, 4, 3, 2 o 1 d\u00eda a la semana<\/h4>\n<h4 style=\"text-align: center\"><strong>IKASGEL@<\/strong> (Auto aprendizaje, <strong>BOGA<\/strong> programa)<\/h4>\n<h4 style=\"text-align: center\">Perfiles ling\u00fc\u00edsticos de HABE \/<strong> HABEko mailen egiaztapena<\/strong><\/h4>\n<h4 style=\"text-align: center\">1. maila (<strong>B1<\/strong>), 2.maila (<strong>B2<\/strong>), 3. maila (<strong>C1 &#8211; EGA<\/strong>) eta 4. maila (<strong>C2<\/strong>)<\/h4>\n<h4 style=\"text-align: center\"><strong> Bestelako eskaintzak<\/strong> (mintza taldeak, tailerrak, liburutegia)<\/h4>\n<h4 style=\"text-align: center\"><strong>BERBALAGUNA<\/strong>, euskara praktikatzeko <strong>doaneko zerbitzua<\/strong><\/h4>\n<h4 style=\"text-align: center\"><strong>Enpresentzako<\/strong> <strong>HIZKUNTZA AHOLKULARITZA<\/strong> zerbitzua \/<\/h4>\n<h4 style=\"text-align: center\">Consultoria ling\u00fc\u00edstica para organizaciones y empresas<\/h4>\n<h4 style=\"text-align: center\"><strong>NORMALIZAZIO<\/strong> planak, <strong>FORMAZIO<\/strong> plan pertsonalizatuak,\u00a0 <strong>ITZULPEN<\/strong> zerbitzua \/<\/h4>\n<h4 style=\"text-align: center\">Planes de normalizaci\u00f3n y formaci\u00f3n, servicio de traducci\u00f3n<\/h4>\n<h4 style=\"text-align: center\"><strong>HABEK homologatuak\u00a0<\/strong> \/ Centros homologados<\/h4>\n<p>&nbsp;<\/p>\n<h4 style=\"text-align: center\"><a title=\"Eskaintza osoa\" href=\"http:\/\/www.aek.eus\/blogak\/bilbo\/files\/2013\/08\/Bilboko-inforri-OROKORRA-13-14.pdf\" target=\"_blank\">Ikusi Bilboko eskaintza osoa<\/a> \/ <em><a href=\"http:\/\/www.aek.eus\/blogak\/bilbo\/files\/2013\/08\/Bilboko-inforri-OROKORRA-13-14.pdf\" target=\"_blank\">oferta completa de cursos de euskara<\/a><\/em><\/h4>\n<p>&nbsp;<\/p>\n<p style=\"text-align: center\"><a href=\"http:\/\/www.aek.eus\/blogak\/bilbo\/files\/2013\/08\/Faldoia.jpg\"><img loading=\"lazy\" decoding=\"async\" class=\"aligncenter  wp-image-703\" src=\"http:\/\/www.aek.eus\/blogak\/bilbo\/files\/2013\/08\/Faldoia.jpg\" alt=\"\" width=\"565\" height=\"115\" \/><\/a><\/p>\n","protected":false},"excerpt":{"rendered":"<p>2013-2014 ikasturteko MATRIKULA ZABALIK HABE azterketak 2. deialdia &#8211; AHOZKOaren LANKETARAKO ikastaro berezia ORDUTEGI eta MAILA GUZTIAK \/ Todos los cursos y niveles Cursos de 5, 4, 3, 2 o 1 d\u00eda a la semana IKASGEL@ (Auto aprendizaje, BOGA programa) Perfiles ling\u00fc\u00edsticos de HABE \/ HABEko mailen egiaztapena 1. maila (B1), 2.maila (B2), 3. maila [&hellip;]<\/p>\n","protected":false},"author":32,"featured_media":0,"comment_status":"closed","ping_status":"open","sticky":false,"template":"","format":"standard","meta":{"footnotes":""},"categories":[1],"tags":[],"class_list":{"0":"post-685","1":"post","2":"type-post","3":"status-publish","4":"format-standard","6":"category-bestelakoak","7":"czr-hentry"},"featured_image_src":null,"featured_image_src_square":null,"author_info":{"display_name":"Bilbo","author_link":"https:\/\/www.aek.eus\/blogak\/bilbo\/author\/bilbo\/"},"_links":{"self":[{"href":"https:\/\/www.aek.eus\/blogak\/bilbo\/wp-json\/wp\/v2\/posts\/685","targetHints":{"allow":["GET"]}}],"collection":[{"href":"https:\/\/www.aek.eus\/blogak\/bilbo\/wp-json\/wp\/v2\/posts"}],"about":[{"href":"https:\/\/www.aek.eus\/blogak\/bilbo\/wp-json\/wp\/v2\/types\/post"}],"author":[{"embeddable":true,"href":"https:\/\/www.aek.eus\/blogak\/bilbo\/wp-json\/wp\/v2\/users\/32"}],"replies":[{"embeddable":true,"href":"https:\/\/www.aek.eus\/blogak\/bilbo\/wp-json\/wp\/v2\/comments?post=685"}],"version-history":[{"count":30,"href":"https:\/\/www.aek.eus\/blogak\/bilbo\/wp-json\/wp\/v2\/posts\/685\/revisions"}],"predecessor-version":[{"id":719,"href":"https:\/\/www.aek.eus\/blogak\/bilbo\/wp-json\/wp\/v2\/posts\/685\/revisions\/719"}],"wp:attachment":[{"href":"https:\/\/www.aek.eus\/blogak\/bilbo\/wp-json\/wp\/v2\/media?parent=685"}],"wp:term":[{"taxonomy":"category","embeddable":true,"href":"https:\/\/www.aek.eus\/blogak\/bilbo\/wp-json\/wp\/v2\/categories?post=685"},{"taxonomy":"post_tag","embeddable":true,"href":"https:\/\/www.aek.eus\/blogak\/bilbo\/wp-json\/wp\/v2\/tags?post=685"}],"curies":[{"name":"wp","href":"https:\/\/api.w.org\/{rel}","templated":true}]}}