{"id":956,"date":"2014-09-04T14:14:10","date_gmt":"2014-09-04T12:14:10","guid":{"rendered":"http:\/\/www.aek.eus\/blogak\/bilbo\/?p=956"},"modified":"2014-09-12T17:15:03","modified_gmt":"2014-09-12T15:15:03","slug":"euskara-eskolak-2","status":"publish","type":"post","link":"https:\/\/www.aek.eus\/blogak\/bilbo\/euskara-eskolak-2\/","title":{"rendered":"Euskara eskolak 2014-2015  &#8211; Matrikula zabalik!"},"content":{"rendered":"<p><iframe loading=\"lazy\" title=\"AEK SPOT IRAILEKO KANPAINA\" width=\"1140\" height=\"641\" src=\"https:\/\/www.youtube.com\/embed\/anMG_3Xb1bs?feature=oembed\" frameborder=\"0\" allow=\"accelerometer; autoplay; clipboard-write; encrypted-media; gyroscope; picture-in-picture\" allowfullscreen><\/iframe><\/p>\n<p>&nbsp;<\/p>\n<h1 style=\"text-align: center\"><strong>2014-2015 ikasturteko <\/strong><\/h1>\n<h1 style=\"text-align: center\"><strong>MATRIKULA ZABALIK<\/strong><\/h1>\n<p>&nbsp;<\/p>\n<h4 style=\"text-align: center\"><strong>Matrikula irailaren 19a baino lehen egiten baduzu, ordainketa 3 epetan egiteko aukera izango duzu!<\/strong><\/h4>\n<p>&nbsp;<\/p>\n<p style=\"text-align: center\"><img loading=\"lazy\" decoding=\"async\" class=\"aligncenter  wp-image-958\" src=\"http:\/\/www.aek.eus\/blogak\/bilbo\/files\/2014\/09\/kartela_erd_begia-724x1024.jpg\" alt=\"\" width=\"286\" height=\"404\" srcset=\"https:\/\/www.aek.eus\/blogak\/bilbo\/files\/2014\/09\/kartela_erd_begia-724x1024.jpg 724w, https:\/\/www.aek.eus\/blogak\/bilbo\/files\/2014\/09\/kartela_erd_begia-212x300.jpg 212w, https:\/\/www.aek.eus\/blogak\/bilbo\/files\/2014\/09\/kartela_erd_begia.jpg 1591w\" sizes=\"auto, (max-width: 286px) 100vw, 286px\" \/><\/p>\n<h4 style=\"text-align: center\"><\/h4>\n<p>&nbsp;<\/p>\n<h4 style=\"text-align: center\">HABE azterketak 2. deialdia \u2013 <a title=\"Ahozko berezia\" href=\"http:\/\/www.aek.eus\/blogak\/bilbo\/files\/2014\/09\/Ahozko-bereziak.pdf\" target=\"_blank\">AHOZKOaren LANKETARAKO ikastaro berezia<\/a><\/h4>\n<h4 style=\"text-align: center\"><strong>ORDUTEGI<\/strong> eta <strong>MAILA GUZTIAK<\/strong> \/ Todos los cursos y niveles<\/h4>\n<h4 style=\"text-align: center\">Cursos de 5, 4, 3, 2 o 1 d\u00eda a la semana<\/h4>\n<h4 style=\"text-align: center\"><a href=\"http:\/\/www.aek.eus\/blogak\/bilbo\/files\/2014\/09\/IKASGEL@-info-orria-2014-2015.pdf\"><strong>IKASGEL@<\/strong> (Auto aprendizaje<\/a>, <strong>BOGA<\/strong> programa)<\/h4>\n<h4 style=\"text-align: center\">Perfiles ling\u00fc\u00edsticos de HABE \/<strong> HABEko mailen egiaztapena<\/strong>1. maila (<strong>B1<\/strong>), 2.maila (<strong>B2<\/strong>), 3. maila (<strong>C1 \u2013 EGA<\/strong>) eta<a href=\"http:\/\/www.aek.eus\/blogak\/bilbo\/files\/2014\/09\/INFORRIA-4.-maila-BILBOn-2014-2015.pdf\" target=\"_blank\"> 4. maila (<strong>C2<\/strong><\/a>)<\/h4>\n<h4 style=\"text-align: center\"><strong> Bestelako eskaintzak<\/strong> (mintza taldeak, tailerrak, liburutegia)<\/h4>\n<h4 style=\"text-align: center\"><a href=\"http:\/\/praktikatu.blogspot.com\" target=\"_blank\"><strong>BERBALAGUNA<\/strong><\/a>, euskara praktikatzeko <strong>doaneko zerbitzua<\/strong><\/h4>\n<h4 style=\"text-align: center\"><strong>Enpresentzako<\/strong> <a href=\"http:\/\/aek.eus\/index.php\/eu\/zerbitzuak?view=faq&amp;catid=7\" target=\"_blank\"><strong>HIZKUNTZA AHOLKULARITZA<\/strong><\/a> zerbitzua \/<\/h4>\n<h4 style=\"text-align: center\">Consultoria ling\u00fc\u00edstica para organizaciones y empresas<\/h4>\n<h4 style=\"text-align: center\"><strong>NORMALIZAZIO<\/strong> planak, <strong>FORMAZIO<\/strong> plan pertsonalizatuak,\u00a0<a href=\"http:\/\/aek.eus\/index.php\/eu\/zerbitzuak?view=faq&amp;catid=7\" target=\"_blank\"> <strong>ITZULPEN<\/strong> zerbitzua<\/a> \/<\/h4>\n<h4 style=\"text-align: center\">Planes de normalizaci\u00f3n y formaci\u00f3n, servicio de traducci\u00f3n<\/h4>\n<h4 style=\"text-align: center\"><strong>HABEK homologatuak\u00a0<\/strong> \/ Centros homologados<\/h4>\n<p>&nbsp;<\/p>\n<p>&nbsp;<\/p>\n<h4 style=\"text-align: center\"><a title=\"Eskaintza osoa\" href=\"http:\/\/www.aek.eus\/blogak\/bilbo\/files\/2014\/09\/Bilboko-inforri-OROKORRA-14-15.pdf\" target=\"_blank\">Ikusi Bilboko eskaintza osoa<\/a> \/ <em><a href=\"http:\/\/www.aek.eus\/blogak\/bilbo\/files\/2014\/09\/Bilboko-inforri-OROKORRA-14-15.pdf\" target=\"_blank\">oferta completa de cursos de euskara<\/a><\/em><\/h4>\n<p><a href=\"http:\/\/www.aek.eus\/blogak\/bilbo\/files\/2014\/09\/Bilboko-euskaltegiak-jpg.jpeg\"><img loading=\"lazy\" decoding=\"async\" class=\"aligncenter  wp-image-963\" src=\"http:\/\/www.aek.eus\/blogak\/bilbo\/files\/2014\/09\/Bilboko-euskaltegiak-jpg-1024x386.jpg\" alt=\"\" width=\"471\" height=\"177\" srcset=\"https:\/\/www.aek.eus\/blogak\/bilbo\/files\/2014\/09\/Bilboko-euskaltegiak-jpg-1024x386.jpg 1024w, https:\/\/www.aek.eus\/blogak\/bilbo\/files\/2014\/09\/Bilboko-euskaltegiak-jpg-300x113.jpg 300w, https:\/\/www.aek.eus\/blogak\/bilbo\/files\/2014\/09\/Bilboko-euskaltegiak-jpg.jpeg 1275w\" sizes=\"auto, (max-width: 471px) 100vw, 471px\" \/><\/a><\/p>\n<p>&nbsp;<\/p>\n<p>&nbsp;<\/p>\n<p>&nbsp;<\/p>\n","protected":false},"excerpt":{"rendered":"<p>&nbsp; 2014-2015 ikasturteko MATRIKULA ZABALIK &nbsp; Matrikula irailaren 19a baino lehen egiten baduzu, ordainketa 3 epetan egiteko aukera izango duzu! &nbsp; &nbsp; HABE azterketak 2. deialdia \u2013 AHOZKOaren LANKETARAKO ikastaro berezia ORDUTEGI eta MAILA GUZTIAK \/ Todos los cursos y niveles Cursos de 5, 4, 3, 2 o 1 d\u00eda a la semana IKASGEL@ (Auto [&hellip;]<\/p>\n","protected":false},"author":32,"featured_media":0,"comment_status":"closed","ping_status":"open","sticky":false,"template":"","format":"standard","meta":{"footnotes":""},"categories":[1],"tags":[],"class_list":{"0":"post-956","1":"post","2":"type-post","3":"status-publish","4":"format-standard","6":"category-bestelakoak","7":"czr-hentry"},"featured_image_src":null,"featured_image_src_square":null,"author_info":{"display_name":"Bilbo","author_link":"https:\/\/www.aek.eus\/blogak\/bilbo\/author\/bilbo\/"},"_links":{"self":[{"href":"https:\/\/www.aek.eus\/blogak\/bilbo\/wp-json\/wp\/v2\/posts\/956","targetHints":{"allow":["GET"]}}],"collection":[{"href":"https:\/\/www.aek.eus\/blogak\/bilbo\/wp-json\/wp\/v2\/posts"}],"about":[{"href":"https:\/\/www.aek.eus\/blogak\/bilbo\/wp-json\/wp\/v2\/types\/post"}],"author":[{"embeddable":true,"href":"https:\/\/www.aek.eus\/blogak\/bilbo\/wp-json\/wp\/v2\/users\/32"}],"replies":[{"embeddable":true,"href":"https:\/\/www.aek.eus\/blogak\/bilbo\/wp-json\/wp\/v2\/comments?post=956"}],"version-history":[{"count":34,"href":"https:\/\/www.aek.eus\/blogak\/bilbo\/wp-json\/wp\/v2\/posts\/956\/revisions"}],"predecessor-version":[{"id":1100,"href":"https:\/\/www.aek.eus\/blogak\/bilbo\/wp-json\/wp\/v2\/posts\/956\/revisions\/1100"}],"wp:attachment":[{"href":"https:\/\/www.aek.eus\/blogak\/bilbo\/wp-json\/wp\/v2\/media?parent=956"}],"wp:term":[{"taxonomy":"category","embeddable":true,"href":"https:\/\/www.aek.eus\/blogak\/bilbo\/wp-json\/wp\/v2\/categories?post=956"},{"taxonomy":"post_tag","embeddable":true,"href":"https:\/\/www.aek.eus\/blogak\/bilbo\/wp-json\/wp\/v2\/tags?post=956"}],"curies":[{"name":"wp","href":"https:\/\/api.w.org\/{rel}","templated":true}]}}