{"id":1835,"date":"2025-09-08T08:20:54","date_gmt":"2025-09-08T07:20:54","guid":{"rendered":"https:\/\/www.aek.eus\/blogak\/iparraldea\/?p=1835"},"modified":"2025-09-08T08:20:56","modified_gmt":"2025-09-08T07:20:56","slug":"pantxikaren-asmakizuna","status":"publish","type":"post","link":"https:\/\/www.aek.eus\/blogak\/iparraldea\/pantxikaren-asmakizuna\/","title":{"rendered":"Pantxikaren asmakizuna"},"content":{"rendered":"\n<figure class=\"wp-block-audio\"><audio controls src=\"https:\/\/www.aek.eus\/blogak\/iparraldea\/files\/2025\/09\/Pantxika-podcast-2024-ikastaldi-Hazparne.mp3\"><\/audio><\/figure>\n\n\n\n<div class=\"wp-block-media-text is-stacked-on-mobile\"><figure class=\"wp-block-media-text__media\"><img loading=\"lazy\" decoding=\"async\" width=\"768\" height=\"516\" src=\"https:\/\/www.aek.eus\/blogak\/iparraldea\/files\/2025\/09\/Dantzaria-Altzurukun-2001-Jonmikel-Intsausti.jpeg\" alt=\"\" class=\"wp-image-1836 size-full\" srcset=\"https:\/\/www.aek.eus\/blogak\/iparraldea\/files\/2025\/09\/Dantzaria-Altzurukun-2001-Jonmikel-Intsausti.jpeg 768w, https:\/\/www.aek.eus\/blogak\/iparraldea\/files\/2025\/09\/Dantzaria-Altzurukun-2001-Jonmikel-Intsausti-300x202.jpeg 300w\" sizes=\"auto, (max-width: 768px) 100vw, 768px\" \/><\/figure><div class=\"wp-block-media-text__content\">\n<p>Eg\u00fcn hon oroer,<\/p>\n\n\n\n<p>Aipat\u00fcko deiz\u00fcet hanitx baliatzen d\u00fcg\u00fcn ga\u00fcza bat. Ez da alimaleko ga\u00fcza, eta etxe orotan atzaman dirog\u00fc bat beno haboro.<\/p>\n\n\n\n<p>Izaten ahal da paperezko, plastikazko edo berinazkoa, eta edozoin kolorezkoa. Ez dakit Izturitzeko harpeetan bazenetz, eta ez bazen, nola egiten z\u00fcen gabe!<\/p>\n\n\n\n<p>Xiberoan, denek aztiat\u00fc beit\u00fcz\u00fce hankoa nizala, molde berezi batez baliatzen da&#8230; bena ez deiz\u00fcet erakutsiko nola. Lehenik, ez beiniz aski trebe eta zanpil; eta bigarrenik, ez beiniz ospitalelat joan nahi, ikastaldia osorik pakat\u00fc beit\u00fct, prefosta!<\/p>\n\n\n\n<p>Seg\u00fcr niz atzaman d\u00fcz\u00fcela zer den. Zazpi hizkiko hitz bat da, xiberotarrez p\u00fcr\u00fc! Ord\u00fcan zer ote da?<\/p>\n\n\n\n<p>__ __ __ __ __ __ __ <\/p>\n<\/div><\/div>\n\n\n\n<p><br>Irudia: Dantzaria Altz\u00fcr\u00fck\u00fcn. Egilea: Jonmikel Intsausti. Iturria: Dantzan.eus<\/p>\n\n\n\n<figure class=\"wp-block-image size-large\"><img loading=\"lazy\" decoding=\"async\" width=\"1024\" height=\"128\" src=\"https:\/\/www.aek.eus\/blogak\/iparraldea\/files\/2025\/09\/Asmakizun-erantzuna-1024x128.jpg\" alt=\"\" class=\"wp-image-1838\" srcset=\"https:\/\/www.aek.eus\/blogak\/iparraldea\/files\/2025\/09\/Asmakizun-erantzuna-1024x128.jpg 1024w, https:\/\/www.aek.eus\/blogak\/iparraldea\/files\/2025\/09\/Asmakizun-erantzuna-300x37.jpg 300w, https:\/\/www.aek.eus\/blogak\/iparraldea\/files\/2025\/09\/Asmakizun-erantzuna-768x96.jpg 768w, https:\/\/www.aek.eus\/blogak\/iparraldea\/files\/2025\/09\/Asmakizun-erantzuna.jpg 1059w\" sizes=\"auto, (max-width: 1024px) 100vw, 1024px\" \/><\/figure>\n","protected":false},"excerpt":{"rendered":"<p>Eg\u00fcn hon oroer, Aipat\u00fcko deiz\u00fcet hanitx baliatzen d\u00fcg\u00fcn ga\u00fcza bat. Ez da alimaleko ga\u00fcza, eta etxe orotan atzaman dirog\u00fc bat beno haboro. Izaten ahal da paperezko, plastikazko edo berinazkoa, eta edozoin kolorezkoa. Ez dakit Izturitzeko harpeetan bazenetz, eta ez bazen, nola egiten z\u00fcen gabe! Xiberoan, denek aztiat\u00fc beit\u00fcz\u00fce hankoa nizala, molde berezi batez baliatzen da&#8230; [&hellip;]<\/p>\n","protected":false},"author":49,"featured_media":1836,"comment_status":"open","ping_status":"open","sticky":false,"template":"","format":"standard","meta":{"footnotes":""},"categories":[26,3],"tags":[77,97,98],"class_list":{"0":"post-1835","1":"post","2":"type-post","3":"status-publish","4":"format-standard","5":"has-post-thumbnail","7":"category-ikasleen-xokoa","8":"category-podcastak","9":"tag-asmakizuna","10":"tag-xiberoa","11":"tag-xiberotarrez","12":"czr-hentry"},"featured_image_src":"https:\/\/www.aek.eus\/blogak\/iparraldea\/files\/2025\/09\/Dantzaria-Altzurukun-2001-Jonmikel-Intsausti-600x400.jpeg","featured_image_src_square":"https:\/\/www.aek.eus\/blogak\/iparraldea\/files\/2025\/09\/Dantzaria-Altzurukun-2001-Jonmikel-Intsausti-600x516.jpeg","author_info":{"display_name":"iparralde","author_link":"https:\/\/www.aek.eus\/blogak\/iparraldea\/author\/iparralde\/"},"_links":{"self":[{"href":"https:\/\/www.aek.eus\/blogak\/iparraldea\/wp-json\/wp\/v2\/posts\/1835","targetHints":{"allow":["GET"]}}],"collection":[{"href":"https:\/\/www.aek.eus\/blogak\/iparraldea\/wp-json\/wp\/v2\/posts"}],"about":[{"href":"https:\/\/www.aek.eus\/blogak\/iparraldea\/wp-json\/wp\/v2\/types\/post"}],"author":[{"embeddable":true,"href":"https:\/\/www.aek.eus\/blogak\/iparraldea\/wp-json\/wp\/v2\/users\/49"}],"replies":[{"embeddable":true,"href":"https:\/\/www.aek.eus\/blogak\/iparraldea\/wp-json\/wp\/v2\/comments?post=1835"}],"version-history":[{"count":2,"href":"https:\/\/www.aek.eus\/blogak\/iparraldea\/wp-json\/wp\/v2\/posts\/1835\/revisions"}],"predecessor-version":[{"id":1841,"href":"https:\/\/www.aek.eus\/blogak\/iparraldea\/wp-json\/wp\/v2\/posts\/1835\/revisions\/1841"}],"wp:featuredmedia":[{"embeddable":true,"href":"https:\/\/www.aek.eus\/blogak\/iparraldea\/wp-json\/wp\/v2\/media\/1836"}],"wp:attachment":[{"href":"https:\/\/www.aek.eus\/blogak\/iparraldea\/wp-json\/wp\/v2\/media?parent=1835"}],"wp:term":[{"taxonomy":"category","embeddable":true,"href":"https:\/\/www.aek.eus\/blogak\/iparraldea\/wp-json\/wp\/v2\/categories?post=1835"},{"taxonomy":"post_tag","embeddable":true,"href":"https:\/\/www.aek.eus\/blogak\/iparraldea\/wp-json\/wp\/v2\/tags?post=1835"}],"curies":[{"name":"wp","href":"https:\/\/api.w.org\/{rel}","templated":true}]}}