{"id":1938,"date":"2025-12-11T10:46:37","date_gmt":"2025-12-11T09:46:37","guid":{"rendered":"https:\/\/www.aek.eus\/blogak\/iparraldea\/?p=1938"},"modified":"2025-12-11T10:46:38","modified_gmt":"2025-12-11T09:46:38","slug":"miarritzeko-a1-1-mailako-ikasleen-podcasta","status":"publish","type":"post","link":"https:\/\/www.aek.eus\/blogak\/iparraldea\/miarritzeko-a1-1-mailako-ikasleen-podcasta\/","title":{"rendered":"Miarritzeko A1.1 mailako ikasleen podcasta"},"content":{"rendered":"\n<figure class=\"wp-block-audio\"><audio controls src=\"https:\/\/www.aek.eus\/blogak\/iparraldea\/files\/2025\/12\/2025-06-Miarritzeko-taldea-A1.1.mp3\"><\/audio><\/figure>\n\n\n\n<p>Euskara ikasten hasi dira, goxoan, Miarritzeko gau eskolan. Oihana irakaslearekin podcast bat eginez praktikatu dute A1.1 taldeko ikasleek: Alain, Aur\u00e9lien, Cl\u00e9mentine, Christian, \u00c9lise, Ximun eta Patrick.<\/p>\n\n\n\n<p>Nor zara? Non bizi zara? Zenbat urte dituzu? Zer maite duzu? Zer nahi zenuke?<\/p>\n\n\n\n<p>Galdera horiei erantzunez, podcast ederra osatu dute. Biba zuek!<\/p>\n\n\n\n<figure class=\"wp-block-image size-large\"><img decoding=\"async\" src=\"https:\/\/www.aek.eus\/blogak\/iparraldea\/files\/2025\/12\/Taldea-Aurelien-1024x768.png\" alt=\"\" class=\"wp-image-1940\" \/><\/figure>\n","protected":false},"excerpt":{"rendered":"<p>Euskara ikasten hasi dira, goxoan, Miarritzeko gau eskolan. Oihana irakaslearekin podcast bat eginez praktikatu dute A1.1 taldeko ikasleek: Alain, Aur\u00e9lien, Cl\u00e9mentine, Christian, \u00c9lise, Ximun eta Patrick.<\/p>\n","protected":false},"author":49,"featured_media":1940,"comment_status":"open","ping_status":"open","sticky":false,"template":"","format":"standard","meta":{"footnotes":""},"categories":[26,3],"tags":[126,119,114],"class_list":{"0":"post-1938","1":"post","2":"type-post","3":"status-publish","4":"format-standard","5":"has-post-thumbnail","7":"category-ikasleen-xokoa","8":"category-podcastak","9":"tag-a1-1-maila","10":"tag-miarritze","11":"tag-podcast","12":"czr-hentry"},"featured_image_src":"https:\/\/www.aek.eus\/blogak\/iparraldea\/files\/2025\/12\/Taldea-Aurelien-e1765446327252.png","featured_image_src_square":"https:\/\/www.aek.eus\/blogak\/iparraldea\/files\/2025\/12\/Taldea-Aurelien-e1765446327252.png","author_info":{"display_name":"iparralde","author_link":"https:\/\/www.aek.eus\/blogak\/iparraldea\/author\/iparralde\/"},"_links":{"self":[{"href":"https:\/\/www.aek.eus\/blogak\/iparraldea\/wp-json\/wp\/v2\/posts\/1938","targetHints":{"allow":["GET"]}}],"collection":[{"href":"https:\/\/www.aek.eus\/blogak\/iparraldea\/wp-json\/wp\/v2\/posts"}],"about":[{"href":"https:\/\/www.aek.eus\/blogak\/iparraldea\/wp-json\/wp\/v2\/types\/post"}],"author":[{"embeddable":true,"href":"https:\/\/www.aek.eus\/blogak\/iparraldea\/wp-json\/wp\/v2\/users\/49"}],"replies":[{"embeddable":true,"href":"https:\/\/www.aek.eus\/blogak\/iparraldea\/wp-json\/wp\/v2\/comments?post=1938"}],"version-history":[{"count":1,"href":"https:\/\/www.aek.eus\/blogak\/iparraldea\/wp-json\/wp\/v2\/posts\/1938\/revisions"}],"predecessor-version":[{"id":1941,"href":"https:\/\/www.aek.eus\/blogak\/iparraldea\/wp-json\/wp\/v2\/posts\/1938\/revisions\/1941"}],"wp:featuredmedia":[{"embeddable":true,"href":"https:\/\/www.aek.eus\/blogak\/iparraldea\/wp-json\/wp\/v2\/media\/1940"}],"wp:attachment":[{"href":"https:\/\/www.aek.eus\/blogak\/iparraldea\/wp-json\/wp\/v2\/media?parent=1938"}],"wp:term":[{"taxonomy":"category","embeddable":true,"href":"https:\/\/www.aek.eus\/blogak\/iparraldea\/wp-json\/wp\/v2\/categories?post=1938"},{"taxonomy":"post_tag","embeddable":true,"href":"https:\/\/www.aek.eus\/blogak\/iparraldea\/wp-json\/wp\/v2\/tags?post=1938"}],"curies":[{"name":"wp","href":"https:\/\/api.w.org\/{rel}","templated":true}]}}